{"id":826,"date":"2026-04-30T09:17:26","date_gmt":"2026-04-30T07:17:26","guid":{"rendered":"https:\/\/terplanszki.hu\/?p=826"},"modified":"2026-04-30T09:20:25","modified_gmt":"2026-04-30T07:20:25","slug":"rendkivuli-felveteli-eljaras","status":"publish","type":"post","link":"https:\/\/terplanszki.hu\/?p=826","title":{"rendered":"Rendk\u00edv\u00fcli felv\u00e9teli elj\u00e1r\u00e1s"},"content":{"rendered":"\n<ul><li>2026 m\u00e1jus 11. \u00e9s augusztus 31. k\u00f6z\u00f6tt<br>Amennyiben a tanul\u00f3 az \u00e1ltal\u00e1nos felv\u00e9teli elj\u00e1r\u00e1s id\u0151szak\u00e1ban nem nyert felv\u00e9telt egy k\u00f6z\u00e9pfok\u00fa int\u00e9zm\u00e9nybe sem, vagy felv\u00e9telt nyert, de b\u00e1rmilyen okb\u00f3l megv\u00e1ltoztatja d\u00f6nt\u00e9s\u00e9t \u00fagy \u2013\u00a0a 2026. m\u00e1jus 11. \u00e9s augusztus 31. k\u00f6z\u00f6tt megtarthat\u00f3 rendk\u00edv\u00fcli felv\u00e9teli elj\u00e1r\u00e1s sor\u00e1n\u00a0\u2013 egy\u00e9nileg, k\u00f6zvetlen\u00fcl az \u00e1ltala v\u00e1lasztott k\u00f6z\u00e9pfok\u00fa iskol\u00e1ban val\u00f3 jelentkez\u00e9ssel, egyeztet\u00e9ssel k\u00e9rheti felv\u00e9tel\u00e9t b\u00e1rmely olyan k\u00f6z\u00e9pfok\u00fa int\u00e9zm\u00e9nybe, amelynek az \u00e1ltal\u00e1nos felv\u00e9teli elj\u00e1r\u00e1s lez\u00e1rul\u00e1sa ut\u00e1n maradtak bet\u00f6ltetlen f\u00e9r\u0151helyei.<br>Az int\u00e9zm\u00e9ny vezet\u0151j\u00e9nek pozit\u00edv d\u00f6nt\u00e9s\u00e9t k\u00f6vet\u0151en a tanul\u00f3 beiratkozhat a k\u00f6z\u00e9piskol\u00e1ba.<br>Rendk\u00edv\u00fcli felv\u00e9teli elj\u00e1r\u00e1st az al\u00e1bbi k\u00e9pz\u00e9seinkre hirdet\u00fcnk meg:<br>\u2022 informatikai rendszer- \u00e9s alkalmaz\u00e1s\u00fczemeltet\u0151 technikus<br>\u2022 p\u00e9nz\u00fcgyi-sz\u00e1mviteli \u00fcgyint\u00e9z\u0151<br>\u2022 logisztikai technikus<\/li><\/ul>\n","protected":false},"excerpt":{"rendered":"<p>2026 m\u00e1jus 11. \u00e9s augusztus 31. k\u00f6z\u00f6ttAmennyiben a tanul\u00f3 az \u00e1ltal\u00e1nos felv\u00e9teli elj\u00e1r\u00e1s id\u0151szak\u00e1ban nem nyert felv\u00e9telt egy k\u00f6z\u00e9pfok\u00fa int\u00e9zm\u00e9nybe sem, vagy felv\u00e9telt nyert, de b\u00e1rmilyen okb\u00f3l megv\u00e1ltoztatja d\u00f6nt\u00e9s\u00e9t \u00fagy \u2013\u00a0a 2026. m\u00e1jus 11. \u00e9s augusztus 31. k\u00f6z\u00f6tt megtarthat\u00f3 rendk\u00edv\u00fcli felv\u00e9teli elj\u00e1r\u00e1s sor\u00e1n\u00a0\u2013 egy\u00e9nileg, k\u00f6zvetlen\u00fcl az \u00e1ltala v\u00e1lasztott k\u00f6z\u00e9pfok\u00fa iskol\u00e1ban val\u00f3 jelentkez\u00e9ssel, egyeztet\u00e9ssel k\u00e9rheti felv\u00e9tel\u00e9t&hellip;<\/p>\n","protected":false},"author":2,"featured_media":0,"comment_status":"closed","ping_status":"closed","sticky":false,"template":"","format":"standard","meta":[],"categories":[1],"tags":[],"gutentor_comment":0,"_links":{"self":[{"href":"https:\/\/terplanszki.hu\/index.php?rest_route=\/wp\/v2\/posts\/826"}],"collection":[{"href":"https:\/\/terplanszki.hu\/index.php?rest_route=\/wp\/v2\/posts"}],"about":[{"href":"https:\/\/terplanszki.hu\/index.php?rest_route=\/wp\/v2\/types\/post"}],"author":[{"embeddable":true,"href":"https:\/\/terplanszki.hu\/index.php?rest_route=\/wp\/v2\/users\/2"}],"replies":[{"embeddable":true,"href":"https:\/\/terplanszki.hu\/index.php?rest_route=%2Fwp%2Fv2%2Fcomments&post=826"}],"version-history":[{"count":3,"href":"https:\/\/terplanszki.hu\/index.php?rest_route=\/wp\/v2\/posts\/826\/revisions"}],"predecessor-version":[{"id":830,"href":"https:\/\/terplanszki.hu\/index.php?rest_route=\/wp\/v2\/posts\/826\/revisions\/830"}],"wp:attachment":[{"href":"https:\/\/terplanszki.hu\/index.php?rest_route=%2Fwp%2Fv2%2Fmedia&parent=826"}],"wp:term":[{"taxonomy":"category","embeddable":true,"href":"https:\/\/terplanszki.hu\/index.php?rest_route=%2Fwp%2Fv2%2Fcategories&post=826"},{"taxonomy":"post_tag","embeddable":true,"href":"https:\/\/terplanszki.hu\/index.php?rest_route=%2Fwp%2Fv2%2Ftags&post=826"}],"curies":[{"name":"wp","href":"https:\/\/api.w.org\/{rel}","templated":true}]}}